{"id":4688,"date":"2025-06-30T12:55:04","date_gmt":"2025-06-30T12:55:04","guid":{"rendered":"https:\/\/crownworkspace.com\/ch\/?p=4688"},"modified":"2025-06-30T12:55:04","modified_gmt":"2025-06-30T12:55:04","slug":"le-travail-hybride-reduit-il-lespace-de-votre-bureau","status":"publish","type":"post","link":"https:\/\/crownworkspace.com\/ch\/connaissance\/le-travail-hybride-reduit-il-lespace-de-votre-bureau\/","title":{"rendered":"Le travail hybride est-il sur le point de r\u00e9duire votre espace de bureau ?"},"content":{"rendered":"<p><strong><em>Pr\u00e8s de la moiti\u00e9 des gestionnaires d&#8217;installations pr\u00e9voient de r\u00e9duire la taille de leurs bureaux au cours des trois prochaines ann\u00e9es. Comment et pourquoi\u00a0?<\/em><\/strong><\/p>\n<p>Le travail hybride a chang\u00e9 la fa\u00e7on dont les entreprises per\u00e7oivent l&#8217;espace de bureau. Alors que de plus en plus d&#8217;employ\u00e9s partagent leur temps entre la maison et le bureau, les entreprises repensent la n\u00e9cessit\u00e9 de grands bureaux physiques. Mais cette tendance entra\u00eenera-t-elle une r\u00e9duction significative des effectifs ?<\/p>\n<p><img decoding=\"async\" class=\"size-medium wp-image-5311 alignleft\" src=\"https:\/\/crownworkspace.com\/wp-content\/uploads\/2025\/06\/office-desks-300x200.jpg\" alt=\"row of office desks\" width=\"300\" height=\"200\" \/><\/p>\n<p>Notre r\u00e9cente enqu\u00eate, men\u00e9e au Royaume-Uni, aux \u00c9tats-Unis, \u00e0 Singapour, en Inde, en Nouvelle-Z\u00e9lande et \u00e0 Hong Kong, a interrog\u00e9 1 250 employ\u00e9s de bureau et gestionnaires d&#8217;installations pour explorer l&#8217;\u00e9volution des habitudes et des attitudes au bureau. \u00c9tonnamment, nous avons d\u00e9couvert une pr\u00e9f\u00e9rence extr\u00eame des employ\u00e9s pour les espaces personnels et hybrides, un changement fortement renforc\u00e9 par la pand\u00e9mie de Covid.<\/p>\n<p>Environ la moiti\u00e9 des gestionnaires d&#8217;installations s&#8217;attendent \u00e0 ce que leur entreprise r\u00e9duise ses surfaces de bureaux au cours des trois prochaines ann\u00e9es. Leurs principales motivations sont la cr\u00e9ation d&#8217;environnements ouverts qui encouragent la collaboration et l&#8217;atteinte des objectifs de durabilit\u00e9. Mais comment cela affectera-t-il exactement les op\u00e9rations quotidiennes ?<\/p>\n<p><strong>Le passage au travail hybride<\/strong><\/p>\n<p>Le travail hybride \u00e9tait autrefois une exception mais est rapidement devenu la norme, acc\u00e9l\u00e9r\u00e9 par la pand\u00e9mie de Covid. Les employ\u00e9s pr\u00e9f\u00e8rent de plus en plus la flexibilit\u00e9 de partager leur temps entre la maison et le bureau.Nos recherches soulignent que 47 % des employ\u00e9s de bureau pr\u00e9f\u00e8rent un horaire de travail hybride, soit nettement plus que les 41 % qui pr\u00e9f\u00e8rent travailler \u00e0 temps plein au bureau.<\/p>\n<p>Ce changement pousse les entreprises \u00e0 reconsid\u00e9rer leur immobilier. Avec moins de personnes au bureau chaque jour, les am\u00e9nagements de bureaux traditionnels semblent d\u00e9sormais d\u00e9pass\u00e9s. Les entreprises voient une opportunit\u00e9 d&#8217;optimiser leur espace pour r\u00e9pondre aux besoins actuels plut\u00f4t qu&#8217;aux niveaux d&#8217;occupation historiques. La r\u00e9duction des effectifs pourrait-elle devenir la nouvelle norme ?<\/p>\n<p><strong>Pourquoi les entreprises r\u00e9duisent-elles leurs effectifs ?<\/strong><\/p>\n<p>Les gestionnaires d&#8217;installations identifient deux raisons principales pour r\u00e9duire les effectifs :<\/p>\n<ol>\n<li><strong>Encourager la collaboration<\/strong> : les conceptions de bureaux adapt\u00e9es aux hybrides privil\u00e9gient les espaces collaboratifs plut\u00f4t que les bureaux individuels. Les am\u00e9nagements paysagers, les zones interactives et les espaces qui favorisent la cr\u00e9ativit\u00e9 deviennent essentiels.<\/li>\n<li><strong>Objectifs de durabilit\u00e9<\/strong> : La r\u00e9duction des effectifs s&#8217;aligne \u00e9troitement sur les objectifs de durabilit\u00e9, la r\u00e9duction de l&#8217;empreinte carbone, la r\u00e9duction de la consommation d&#8217;\u00e9nergie et la r\u00e9duction des co\u00fbts op\u00e9rationnels. Le d\u00e9veloppement durable est d\u00e9j\u00e0 une priorit\u00e9 pour 59 % des entreprises interrog\u00e9es, ce qui renforce la tendance vers des espaces plus petits et plus \u00e9cologiques.<\/li>\n<\/ol>\n<p><strong>Implications pratiques : une introduction<\/strong><\/p>\n<p>La r\u00e9duction de l&#8217;espace de bureau n&#8217;est pas seulement une d\u00e9cision financi\u00e8re\u00a0; Cela a un impact significatif sur la culture d&#8217;entreprise et le bien-\u00eatre des employ\u00e9s. Les entreprises qui pr\u00e9voient de r\u00e9duire l&#8217;empreinte de leurs bureaux doivent examiner attentivement l&#8217;\u00e9quilibre entre le travail \u00e0 distance et le travail au bureau.<\/p>\n<p>Notre \u00e9tude met en \u00e9vidence un \u00e9cart \u00e9vident entre les perceptions des managers et des employ\u00e9s sur le bien-\u00eatre au bureau, avec 75 % des managers satisfaits contre seulement 67 % des employ\u00e9s. R\u00e9duire l&#8217;espace de bureau sans r\u00e9pondre aux pr\u00e9occupations des employ\u00e9s pourrait creuser cet \u00e9cart. Les entreprises doivent se concentrer sur les espaces qui favorisent la sant\u00e9, la productivit\u00e9 et la cr\u00e9ativit\u00e9.<\/p>\n<p><strong>Et les plus grands d\u00e9fis&#8230;<\/strong><\/p>\n<p>Bien que la r\u00e9duction des effectifs offre des avantages \u00e9vidents, elle pr\u00e9sente \u00e9galement des d\u00e9fis. L&#8217;un des principaux probl\u00e8mes est la gestion des actifs physiques actuellement stock\u00e9s. Notre enqu\u00eate a r\u00e9v\u00e9l\u00e9 que 64 % des entreprises stockent du mat\u00e9riel de bureau et 59 % stockent du petit mat\u00e9riel de bureau. Les entreprises qui r\u00e9duisent leurs effectifs doivent g\u00e9rer ou recycler efficacement ces actifs pour \u00e9viter des co\u00fbts inutiles.<\/p>\n<p><img decoding=\"async\" class=\"wp-image-5310 alignleft\" src=\"https:\/\/crownworkspace.com\/wp-content\/uploads\/2025\/06\/office-lounge-300x169.jpg\" alt=\"office lounge\" width=\"351\" height=\"198\" \/><\/p>\n<p>Le moral des employ\u00e9s est une autre pr\u00e9occupation. La r\u00e9duction de l&#8217;espace de bureau peut cr\u00e9er de l&#8217;incertitude et de l&#8217;anxi\u00e9t\u00e9 chez le personnel, qui peut s&#8217;inqui\u00e9ter de l&#8217;espace de travail ou de la stabilit\u00e9 de l&#8217;emploi. Une communication claire sur les raisons et les avantages attendus peut aider \u00e0 apaiser ces pr\u00e9occupations.<\/p>\n<p><strong>Y a-t-il des r\u00e9ussites \u00e0 citer ?<\/strong><\/p>\n<p>De nombreuses entreprises ont r\u00e9ussi \u00e0 r\u00e9duire la taille de leurs bureaux. <a href=\"https:\/\/www.uctoday.com\/collaboration\/meta-maintains-hybrid-work-momentum-by-breaking-lease-on-london-office\/\">Les g\u00e9ants mondiaux de la technologie comme Meta<\/a> et Microsoft ont consid\u00e9rablement ajust\u00e9 l&#8217;empreinte de leurs bureaux depuis qu&#8217;ils ont adopt\u00e9 des mod\u00e8les de travail hybrides. Meta, par exemple, a activement r\u00e9duit ses espaces de bureaux lou\u00e9s pour correspondre \u00e0 la r\u00e9duction du nombre d&#8217;employ\u00e9s de bureau quotidiens, ce qui a permis de r\u00e9aliser des \u00e9conomies consid\u00e9rables.<\/p>\n<p><strong>\u00ab Je suis gestionnaire d\u2019installations et je souhaite r\u00e9duire mes effectifs. Que faire maintenant ? \u00bb<\/strong><\/p>\n<p>Pour faire simple, gardez toujours \u00e0 l&#8217;esprit ces cinq consid\u00e9rations :<\/p>\n<ul>\n<li>\u00c9valuez l&#8217;utilisation actuelle et pr\u00e9vue de vos bureaux de mani\u00e8re r\u00e9aliste.<\/li>\n<li>Impliquez les employ\u00e9s d\u00e8s le d\u00e9but du processus de prise de d\u00e9cision.<\/li>\n<li>Communiquez clairement les raisons de votre r\u00e9duction des effectifs, en mettant l&#8217;accent sur les avantages tels que l&#8217;am\u00e9lioration de la collaboration, la flexibilit\u00e9 et la durabilit\u00e9.<\/li>\n<li>\u00c9laborez des plans clairs pour g\u00e9rer l&#8217;\u00e9quipement de bureau, soit en le recyclant, en le vendant ou en faisant un don pour \u00e9viter le gaspillage.<\/li>\n<\/ul>\n<p>Sur la note ci-dessus, explorez nos articles pr\u00e9c\u00e9dents sur les r\u00e9sultats de notre enqu\u00eate :<\/p>\n<ul>\n<li><a href=\"https:\/\/crownworkspace.com\/ch\/connaissance\/les-configurations-a-distance-battent-elles-le-bureau-en-termes-de-technologie-et-de-confort\/\">Les configurations \u00e0 distance battent-elles le bureau en termes de technologie et de confort ?<\/a><\/li>\n<li><a href=\"https:\/\/crownworkspace.com\/ch\/connaissance\/est-il-temps-pour-les-bureaux-de-redevenir-personnels\/\">Est-il temps pour les bureaux de redevenir personnels ?<\/a><\/li>\n<\/ul>\n<p>Pour en savoir plus sur l&#8217;avenir des environnements de bureau et sur ce que pensent vos employ\u00e9s, t\u00e9l\u00e9chargez l&#8217;enqu\u00eate :<\/p>\n<p><a href=\"https:\/\/crownworkspace.com\/knowledge-base\/is-it-time-to-kill-the-open-office\/\">Lire la suite : Est-il temps de tuer le bureau ouvert ?<\/a><\/p>\n<p>&nbsp;<\/p>\n","protected":false},"excerpt":{"rendered":"<p>Pr\u00e8s de la moiti\u00e9 des gestionnaires d&#8217;installations pr\u00e9voient de r\u00e9duire la taille de leurs bureaux au cours des trois prochaines ann\u00e9es. Comment et pourquoi\u00a0?<\/p>\n","protected":false},"author":51,"featured_media":4689,"comment_status":"closed","ping_status":"closed","sticky":false,"template":"","format":"standard","meta":{"_acf_changed":false,"footnotes":""},"categories":[1060],"tags":[],"class_list":["post-4688","post","type-post","status-publish","format-standard","has-post-thumbnail","hentry","category-blogs"],"acf":[],"contentshake_article_id":"","yoast_head":"<!-- This site is optimized with the Yoast SEO Premium plugin v27.2 (Yoast SEO v27.2) - https:\/\/yoast.com\/product\/yoast-seo-premium-wordpress\/ -->\n<title>Le travail hybride est-il sur le point de r\u00e9duire votre espace de bureau ? | Crown Workspace Switzerland<\/title>\n<meta name=\"description\" content=\"Pr\u00e8s de la moiti\u00e9 des gestionnaires d&#039;installations pr\u00e9voient de r\u00e9duire la taille de leurs bureaux au cours des trois prochaines ann\u00e9es. Comment et pourquoi\u00a0?\" \/>\n<meta name=\"robots\" content=\"index, follow, max-snippet:-1, max-image-preview:large, max-video-preview:-1\" \/>\n<link rel=\"canonical\" href=\"https:\/\/crownworkspace.com\/ch\/connaissance\/le-travail-hybride-reduit-il-lespace-de-votre-bureau\/\" \/>\n<meta property=\"og:locale\" content=\"en_US\" \/>\n<meta property=\"og:type\" content=\"article\" \/>\n<meta property=\"og:title\" content=\"Le travail hybride est-il sur le point de r\u00e9duire votre espace de bureau ?\" \/>\n<meta property=\"og:description\" content=\"Pr\u00e8s de la moiti\u00e9 des gestionnaires d&#039;installations pr\u00e9voient de r\u00e9duire la taille de leurs bureaux au cours des trois prochaines ann\u00e9es. Comment et pourquoi\u00a0?\" \/>\n<meta property=\"og:url\" content=\"https:\/\/crownworkspace.com\/ch\/connaissance\/le-travail-hybride-reduit-il-lespace-de-votre-bureau\/\" \/>\n<meta property=\"og:site_name\" content=\"Crown Workspace Switzerland\" \/>\n<meta property=\"article:published_time\" content=\"2025-06-30T12:55:04+00:00\" \/>\n<meta property=\"og:image\" content=\"https:\/\/crownworkspace.com\/ch\/wp-content\/uploads\/sites\/8\/2025\/06\/office-tower.jpg\" \/>\n\t<meta property=\"og:image:width\" content=\"1200\" \/>\n\t<meta property=\"og:image:height\" content=\"800\" \/>\n\t<meta property=\"og:image:type\" content=\"image\/jpeg\" \/>\n<meta name=\"author\" content=\"ckemble\" \/>\n<meta name=\"twitter:card\" content=\"summary_large_image\" \/>\n<meta name=\"twitter:label1\" content=\"Written by\" \/>\n\t<meta name=\"twitter:data1\" content=\"ckemble\" \/>\n\t<meta name=\"twitter:label2\" content=\"Est. reading time\" \/>\n\t<meta name=\"twitter:data2\" content=\"5 minutes\" \/>\n<script type=\"application\/ld+json\" class=\"yoast-schema-graph\">{\"@context\":\"https:\/\/schema.org\",\"@graph\":[{\"@type\":\"Article\",\"@id\":\"https:\/\/crownworkspace.com\/ch\/connaissance\/le-travail-hybride-reduit-il-lespace-de-votre-bureau\/#article\",\"isPartOf\":{\"@id\":\"https:\/\/crownworkspace.com\/ch\/connaissance\/le-travail-hybride-reduit-il-lespace-de-votre-bureau\/\"},\"author\":{\"name\":\"ckemble\",\"@id\":\"https:\/\/crownworkspace.com\/ch\/#\/schema\/person\/f7d95200c4b8bf7763432c5a3121d1a6\"},\"headline\":\"Le travail hybride est-il sur le point de r\u00e9duire votre espace de bureau ?\",\"datePublished\":\"2025-06-30T12:55:04+00:00\",\"mainEntityOfPage\":{\"@id\":\"https:\/\/crownworkspace.com\/ch\/connaissance\/le-travail-hybride-reduit-il-lespace-de-votre-bureau\/\"},\"wordCount\":1053,\"image\":{\"@id\":\"https:\/\/crownworkspace.com\/ch\/connaissance\/le-travail-hybride-reduit-il-lespace-de-votre-bureau\/#primaryimage\"},\"thumbnailUrl\":\"https:\/\/crownworkspace.com\/ch\/wp-content\/uploads\/sites\/8\/2025\/06\/office-tower.jpg\",\"articleSection\":[\"Blogs\"],\"inLanguage\":\"en-CH\"},{\"@type\":\"WebPage\",\"@id\":\"https:\/\/crownworkspace.com\/ch\/connaissance\/le-travail-hybride-reduit-il-lespace-de-votre-bureau\/\",\"url\":\"https:\/\/crownworkspace.com\/ch\/connaissance\/le-travail-hybride-reduit-il-lespace-de-votre-bureau\/\",\"name\":\"Le travail hybride est-il sur le point de r\u00e9duire votre espace de bureau ? | Crown Workspace Switzerland\",\"isPartOf\":{\"@id\":\"https:\/\/crownworkspace.com\/ch\/#website\"},\"primaryImageOfPage\":{\"@id\":\"https:\/\/crownworkspace.com\/ch\/connaissance\/le-travail-hybride-reduit-il-lespace-de-votre-bureau\/#primaryimage\"},\"image\":{\"@id\":\"https:\/\/crownworkspace.com\/ch\/connaissance\/le-travail-hybride-reduit-il-lespace-de-votre-bureau\/#primaryimage\"},\"thumbnailUrl\":\"https:\/\/crownworkspace.com\/ch\/wp-content\/uploads\/sites\/8\/2025\/06\/office-tower.jpg\",\"datePublished\":\"2025-06-30T12:55:04+00:00\",\"author\":{\"@id\":\"https:\/\/crownworkspace.com\/ch\/#\/schema\/person\/f7d95200c4b8bf7763432c5a3121d1a6\"},\"description\":\"Pr\u00e8s de la moiti\u00e9 des gestionnaires d'installations pr\u00e9voient de r\u00e9duire la taille de leurs bureaux au cours des trois prochaines ann\u00e9es. Comment et pourquoi\u00a0?\",\"breadcrumb\":{\"@id\":\"https:\/\/crownworkspace.com\/ch\/connaissance\/le-travail-hybride-reduit-il-lespace-de-votre-bureau\/#breadcrumb\"},\"inLanguage\":\"en-CH\",\"potentialAction\":[{\"@type\":\"ReadAction\",\"target\":[\"https:\/\/crownworkspace.com\/ch\/connaissance\/le-travail-hybride-reduit-il-lespace-de-votre-bureau\/\"]}]},{\"@type\":\"ImageObject\",\"inLanguage\":\"en-CH\",\"@id\":\"https:\/\/crownworkspace.com\/ch\/connaissance\/le-travail-hybride-reduit-il-lespace-de-votre-bureau\/#primaryimage\",\"url\":\"https:\/\/crownworkspace.com\/ch\/wp-content\/uploads\/sites\/8\/2025\/06\/office-tower.jpg\",\"contentUrl\":\"https:\/\/crownworkspace.com\/ch\/wp-content\/uploads\/sites\/8\/2025\/06\/office-tower.jpg\",\"width\":1200,\"height\":800,\"caption\":\"A reflection of a skyscraper and a woman's back in a storefront. Original public domain image from Wikimedia Commons\"},{\"@type\":\"BreadcrumbList\",\"@id\":\"https:\/\/crownworkspace.com\/ch\/connaissance\/le-travail-hybride-reduit-il-lespace-de-votre-bureau\/#breadcrumb\",\"itemListElement\":[{\"@type\":\"ListItem\",\"position\":1,\"name\":\"Home\",\"item\":\"https:\/\/crownworkspace.com\/ch\/\"},{\"@type\":\"ListItem\",\"position\":2,\"name\":\"Le travail hybride est-il sur le point de r\u00e9duire votre espace de bureau ?\"}]},{\"@type\":\"WebSite\",\"@id\":\"https:\/\/crownworkspace.com\/ch\/#website\",\"url\":\"https:\/\/crownworkspace.com\/ch\/\",\"name\":\"Crown Workspace Switzerland\",\"description\":\"Workplace Relocations\",\"potentialAction\":[{\"@type\":\"SearchAction\",\"target\":{\"@type\":\"EntryPoint\",\"urlTemplate\":\"https:\/\/crownworkspace.com\/ch\/?s={search_term_string}\"},\"query-input\":{\"@type\":\"PropertyValueSpecification\",\"valueRequired\":true,\"valueName\":\"search_term_string\"}}],\"inLanguage\":\"en-CH\"},{\"@type\":\"Person\",\"@id\":\"https:\/\/crownworkspace.com\/ch\/#\/schema\/person\/f7d95200c4b8bf7763432c5a3121d1a6\",\"name\":\"ckemble\",\"image\":{\"@type\":\"ImageObject\",\"inLanguage\":\"en-CH\",\"@id\":\"https:\/\/secure.gravatar.com\/avatar\/118adfc3b9019f795bfe11de17eef48d93af136e0d074ae8fa36f4dfd07b284a?s=96&d=mm&r=g\",\"url\":\"https:\/\/secure.gravatar.com\/avatar\/118adfc3b9019f795bfe11de17eef48d93af136e0d074ae8fa36f4dfd07b284a?s=96&d=mm&r=g\",\"contentUrl\":\"https:\/\/secure.gravatar.com\/avatar\/118adfc3b9019f795bfe11de17eef48d93af136e0d074ae8fa36f4dfd07b284a?s=96&d=mm&r=g\",\"caption\":\"ckemble\"},\"url\":\"https:\/\/crownworkspace.com\/ch\/knowledge-base\/author\/ckemble\/\"}]}<\/script>\n<!-- \/ Yoast SEO Premium plugin. -->","yoast_head_json":{"title":"Le travail hybride est-il sur le point de r\u00e9duire votre espace de bureau ? | Crown Workspace Switzerland","description":"Pr\u00e8s de la moiti\u00e9 des gestionnaires d'installations pr\u00e9voient de r\u00e9duire la taille de leurs bureaux au cours des trois prochaines ann\u00e9es. Comment et pourquoi\u00a0?","robots":{"index":"index","follow":"follow","max-snippet":"max-snippet:-1","max-image-preview":"max-image-preview:large","max-video-preview":"max-video-preview:-1"},"canonical":"https:\/\/crownworkspace.com\/ch\/connaissance\/le-travail-hybride-reduit-il-lespace-de-votre-bureau\/","og_locale":"en_US","og_type":"article","og_title":"Le travail hybride est-il sur le point de r\u00e9duire votre espace de bureau ?","og_description":"Pr\u00e8s de la moiti\u00e9 des gestionnaires d'installations pr\u00e9voient de r\u00e9duire la taille de leurs bureaux au cours des trois prochaines ann\u00e9es. Comment et pourquoi\u00a0?","og_url":"https:\/\/crownworkspace.com\/ch\/connaissance\/le-travail-hybride-reduit-il-lespace-de-votre-bureau\/","og_site_name":"Crown Workspace Switzerland","article_published_time":"2025-06-30T12:55:04+00:00","og_image":[{"width":1200,"height":800,"url":"https:\/\/crownworkspace.com\/ch\/wp-content\/uploads\/sites\/8\/2025\/06\/office-tower.jpg","type":"image\/jpeg"}],"author":"ckemble","twitter_card":"summary_large_image","twitter_misc":{"Written by":"ckemble","Est. reading time":"5 minutes"},"schema":{"@context":"https:\/\/schema.org","@graph":[{"@type":"Article","@id":"https:\/\/crownworkspace.com\/ch\/connaissance\/le-travail-hybride-reduit-il-lespace-de-votre-bureau\/#article","isPartOf":{"@id":"https:\/\/crownworkspace.com\/ch\/connaissance\/le-travail-hybride-reduit-il-lespace-de-votre-bureau\/"},"author":{"name":"ckemble","@id":"https:\/\/crownworkspace.com\/ch\/#\/schema\/person\/f7d95200c4b8bf7763432c5a3121d1a6"},"headline":"Le travail hybride est-il sur le point de r\u00e9duire votre espace de bureau ?","datePublished":"2025-06-30T12:55:04+00:00","mainEntityOfPage":{"@id":"https:\/\/crownworkspace.com\/ch\/connaissance\/le-travail-hybride-reduit-il-lespace-de-votre-bureau\/"},"wordCount":1053,"image":{"@id":"https:\/\/crownworkspace.com\/ch\/connaissance\/le-travail-hybride-reduit-il-lespace-de-votre-bureau\/#primaryimage"},"thumbnailUrl":"https:\/\/crownworkspace.com\/ch\/wp-content\/uploads\/sites\/8\/2025\/06\/office-tower.jpg","articleSection":["Blogs"],"inLanguage":"en-CH"},{"@type":"WebPage","@id":"https:\/\/crownworkspace.com\/ch\/connaissance\/le-travail-hybride-reduit-il-lespace-de-votre-bureau\/","url":"https:\/\/crownworkspace.com\/ch\/connaissance\/le-travail-hybride-reduit-il-lespace-de-votre-bureau\/","name":"Le travail hybride est-il sur le point de r\u00e9duire votre espace de bureau ? | Crown Workspace Switzerland","isPartOf":{"@id":"https:\/\/crownworkspace.com\/ch\/#website"},"primaryImageOfPage":{"@id":"https:\/\/crownworkspace.com\/ch\/connaissance\/le-travail-hybride-reduit-il-lespace-de-votre-bureau\/#primaryimage"},"image":{"@id":"https:\/\/crownworkspace.com\/ch\/connaissance\/le-travail-hybride-reduit-il-lespace-de-votre-bureau\/#primaryimage"},"thumbnailUrl":"https:\/\/crownworkspace.com\/ch\/wp-content\/uploads\/sites\/8\/2025\/06\/office-tower.jpg","datePublished":"2025-06-30T12:55:04+00:00","author":{"@id":"https:\/\/crownworkspace.com\/ch\/#\/schema\/person\/f7d95200c4b8bf7763432c5a3121d1a6"},"description":"Pr\u00e8s de la moiti\u00e9 des gestionnaires d'installations pr\u00e9voient de r\u00e9duire la taille de leurs bureaux au cours des trois prochaines ann\u00e9es. Comment et pourquoi\u00a0?","breadcrumb":{"@id":"https:\/\/crownworkspace.com\/ch\/connaissance\/le-travail-hybride-reduit-il-lespace-de-votre-bureau\/#breadcrumb"},"inLanguage":"en-CH","potentialAction":[{"@type":"ReadAction","target":["https:\/\/crownworkspace.com\/ch\/connaissance\/le-travail-hybride-reduit-il-lespace-de-votre-bureau\/"]}]},{"@type":"ImageObject","inLanguage":"en-CH","@id":"https:\/\/crownworkspace.com\/ch\/connaissance\/le-travail-hybride-reduit-il-lespace-de-votre-bureau\/#primaryimage","url":"https:\/\/crownworkspace.com\/ch\/wp-content\/uploads\/sites\/8\/2025\/06\/office-tower.jpg","contentUrl":"https:\/\/crownworkspace.com\/ch\/wp-content\/uploads\/sites\/8\/2025\/06\/office-tower.jpg","width":1200,"height":800,"caption":"A reflection of a skyscraper and a woman's back in a storefront. Original public domain image from Wikimedia Commons"},{"@type":"BreadcrumbList","@id":"https:\/\/crownworkspace.com\/ch\/connaissance\/le-travail-hybride-reduit-il-lespace-de-votre-bureau\/#breadcrumb","itemListElement":[{"@type":"ListItem","position":1,"name":"Home","item":"https:\/\/crownworkspace.com\/ch\/"},{"@type":"ListItem","position":2,"name":"Le travail hybride est-il sur le point de r\u00e9duire votre espace de bureau ?"}]},{"@type":"WebSite","@id":"https:\/\/crownworkspace.com\/ch\/#website","url":"https:\/\/crownworkspace.com\/ch\/","name":"Crown Workspace Switzerland","description":"Workplace Relocations","potentialAction":[{"@type":"SearchAction","target":{"@type":"EntryPoint","urlTemplate":"https:\/\/crownworkspace.com\/ch\/?s={search_term_string}"},"query-input":{"@type":"PropertyValueSpecification","valueRequired":true,"valueName":"search_term_string"}}],"inLanguage":"en-CH"},{"@type":"Person","@id":"https:\/\/crownworkspace.com\/ch\/#\/schema\/person\/f7d95200c4b8bf7763432c5a3121d1a6","name":"ckemble","image":{"@type":"ImageObject","inLanguage":"en-CH","@id":"https:\/\/secure.gravatar.com\/avatar\/118adfc3b9019f795bfe11de17eef48d93af136e0d074ae8fa36f4dfd07b284a?s=96&d=mm&r=g","url":"https:\/\/secure.gravatar.com\/avatar\/118adfc3b9019f795bfe11de17eef48d93af136e0d074ae8fa36f4dfd07b284a?s=96&d=mm&r=g","contentUrl":"https:\/\/secure.gravatar.com\/avatar\/118adfc3b9019f795bfe11de17eef48d93af136e0d074ae8fa36f4dfd07b284a?s=96&d=mm&r=g","caption":"ckemble"},"url":"https:\/\/crownworkspace.com\/ch\/knowledge-base\/author\/ckemble\/"}]}},"lang":"fr","translations":{"fr":4688},"pll_sync_post":[],"_links":{"self":[{"href":"https:\/\/crownworkspace.com\/ch\/wp-json\/wp\/v2\/posts\/4688","targetHints":{"allow":["GET"]}}],"collection":[{"href":"https:\/\/crownworkspace.com\/ch\/wp-json\/wp\/v2\/posts"}],"about":[{"href":"https:\/\/crownworkspace.com\/ch\/wp-json\/wp\/v2\/types\/post"}],"author":[{"embeddable":true,"href":"https:\/\/crownworkspace.com\/ch\/wp-json\/wp\/v2\/users\/51"}],"replies":[{"embeddable":true,"href":"https:\/\/crownworkspace.com\/ch\/wp-json\/wp\/v2\/comments?post=4688"}],"version-history":[{"count":0,"href":"https:\/\/crownworkspace.com\/ch\/wp-json\/wp\/v2\/posts\/4688\/revisions"}],"wp:featuredmedia":[{"embeddable":true,"href":"https:\/\/crownworkspace.com\/ch\/wp-json\/wp\/v2\/media\/4689"}],"wp:attachment":[{"href":"https:\/\/crownworkspace.com\/ch\/wp-json\/wp\/v2\/media?parent=4688"}],"wp:term":[{"taxonomy":"category","embeddable":true,"href":"https:\/\/crownworkspace.com\/ch\/wp-json\/wp\/v2\/categories?post=4688"},{"taxonomy":"post_tag","embeddable":true,"href":"https:\/\/crownworkspace.com\/ch\/wp-json\/wp\/v2\/tags?post=4688"}],"curies":[{"name":"wp","href":"https:\/\/api.w.org\/{rel}","templated":true}]}}