{"id":4729,"date":"2025-09-18T11:27:08","date_gmt":"2025-09-18T11:27:08","guid":{"rendered":"https:\/\/crownworkspace.com\/ch\/?p=4729"},"modified":"2025-10-20T07:40:17","modified_gmt":"2025-10-20T07:40:17","slug":"les-bureaux-sont-ils-de-plus-en-plus-grands-ou-plus-petits-et-pourquoi","status":"publish","type":"post","link":"https:\/\/crownworkspace.com\/ch\/connaissance\/les-bureaux-sont-ils-de-plus-en-plus-grands-ou-plus-petits-et-pourquoi\/","title":{"rendered":"Les bureaux sont-ils de plus en plus grands ou plus petits, et pourquoi ?"},"content":{"rendered":"<p>&nbsp;<\/p>\n<p><img decoding=\"async\" class=\" wp-image-3294 alignleft\" style=\"--tw-scale-x: 1;--tw-scale-y: 1;--tw-scroll-snap-strictness: proximity;--tw-ring-offset-width: 0px;--tw-ring-offset-color: #fff;--tw-ring-color: #3b82f680;--tw-ring-offset-shadow: 0 0 #0000;--tw-ring-shadow: 0 0 #0000;--tw-shadow: 0 0 #0000;--tw-shadow-colored: 0 0 #0000\" src=\"https:\/\/crownworkspace.com\/wp-content\/uploads\/2019\/08\/97528003_XL-300x214.jpg\" alt=\"\" width=\"357\" height=\"255\" \/><\/p>\n<p><strong>Commen\u00e7ons par la conclusion :<\/strong> la r\u00e9ponse honn\u00eate est que les deux histoires sont vraies. Certaines organisations occupent des bureaux de plus en plus grands, d&#8217;autres se compriment. Ce qui relie les deux, c&#8217;est une seule id\u00e9e qui est aujourd&#8217;hui au c\u0153ur du Facilities Management : le rightizing. La taille suit l&#8217;objectif. Si l&#8217;objectif est une collaboration plus claire, une meilleure performance \u00e9nerg\u00e9tique et une offre de talents plus forte, alors l&#8217;empreinte, grande ou petite, doit r\u00e9pondre \u00e0 ces exigences.<\/p>\n<p><strong>Que dit la recherche ?<\/strong><\/p>\n<p>D&#8217;apr\u00e8s notre enqu\u00eate Crown Workspace 2025, quelques signaux du march\u00e9 se d\u00e9marquent. La plupart des personnes interrog\u00e9es disent qu&#8217;elles travaillent au bureau \u00e0 temps plein, mais moins pr\u00e9f\u00e8rent ce mod\u00e8le, et pr\u00e8s de la moiti\u00e9 seraient encourag\u00e9es par une meilleure technologie sur site.<\/p>\n<p>Les dirigeants d&#8217;installations pr\u00e9voient de concevoir davantage d&#8217;espaces interactifs au cours des trois prochaines ann\u00e9es, et environ la moiti\u00e9 pr\u00e9voient \u00e9galement de r\u00e9duire leurs effectifs, souvent pour soutenir les objectifs de collaboration et de durabilit\u00e9. En d&#8217;autres termes, la direction est m\u00e9lang\u00e9e, l&#8217;intention ne l&#8217;est pas. Les bureaux sont en train d&#8217;\u00eatre remodel\u00e9s pour mieux fonctionner en termes de personnel, de co\u00fbts et (de plus) de durabilit\u00e9. Nous voyons \u00e9galement Outside nos propres recherches ; Le tableau plus large du march\u00e9 brosse un tableau similaire.<\/p>\n<p><a href=\"https:\/\/www.cbre.com\/insights\/reports\/2025-americas-office-occupier-sentiment-survey\">L&#8217;enqu\u00eate 2025 de CBRE aupr\u00e8s des occupants indique que <\/a> les employeurs s&#8217;attendent d\u00e9sormais \u00e0 environ 3,2 jours au bureau en moyenne, tandis que la pr\u00e9sence r\u00e9elle suit de pr\u00e8s \u00e0 2,9 jours.<\/p>\n<p>Un autre , <a href=\"https:\/\/www.cbre.com\/press-releases\/employees-and-employers-closer-to-being-on-the-same-page-about-in-office-work\"> communiqu\u00e9 de CBRE<\/a> indique que 72 % des entreprises atteignent leurs objectifs de pr\u00e9sence, contre 61 % l&#8217;ann\u00e9e derni\u00e8re. La fr\u00e9quentation des travailleurs augmente donc, mais l&#8217;hybridit\u00e9 est aussi l\u00e0 pour rester. Se classant r\u00e9guli\u00e8rement parmi les principales pr\u00e9f\u00e9rences (apr\u00e8s le salaire) des employeurs pour les employ\u00e9s.<\/p>\n<p><strong>Comment les entreprises r\u00e9agissent-elles ?<\/strong><\/p>\n<p>De deux mani\u00e8res principales.<\/p>\n<p>D&#8217;abord et comme vous vous en doutez, en taillant l&#8217;exc\u00e8s. <a href=\"https:\/\/www.jll.com\/en-us\/insights\/market-outlook\/top-global-cre-trends\">JLL (la soci\u00e9t\u00e9 immobili\u00e8re mondiale) met en \u00e9vidence une pr\u00e9f\u00e9rence croissante<\/a> pour la flexibilit\u00e9. En pratique, cela signifie qu&#8217;il s&#8217;agit de r\u00e9duire les risques li\u00e9s aux engagements \u00e0 long terme (c&#8217;est-\u00e0-dire de ne pas se retrouver enferm\u00e9 dans un bail de 10 ans en payant pour un bureau g\u00e9ant dont vous n&#8217;avez pas besoin).<\/p>\n<p>Deuxi\u00e8mement, en \u00e9changeant. La soci\u00e9t\u00e9 d&#8217;immobilier commercial, Savills, <a href=\"https:\/\/pdf.savills.com\/documents\/Savills-Takes-Stock-Q1-2025-Offices-Report.pdf\">, observe \u00e9galement que<\/a> de nombreux occupants prennent <em>moins d&#8217;espace mais de meilleure qualit\u00e9<\/em>. Ils notent \u00e9galement une p\u00e9nurie de \u00ab bureaux de bonne qualit\u00e9 \u00bb. <a href=\"https:\/\/www.knightfrank.co.uk\/perspectives\/article\/2025\/6\/4-key-factors-driving-value-for-occupiers-in-2025\">Knight Frank d\u00e9crit<\/a> cela comme une \u00ab fuite vers la valeur \u00bb, o\u00f9 les entreprises sont pr\u00eates \u00e0 \u00e9changer de l&#8217;espace au sol contre des commodit\u00e9s haut de gamme.<\/p>\n<p>Mais il y a aussi des contre-courants, comme le montrent nos propres recherches. Les besoins en espace augmentent sur certains march\u00e9s, et une partie des entreprises pr\u00e9voient de se d\u00e9velopper, en particulier dans les b\u00e2timents qui les aident \u00e0 attirer les talents. <a href=\"https:\/\/www.thetimes.co.uk\/article\/firms-that-downsized-after-covid-struggling-to-find-office-space-hd2c89hn5\">Un article r\u00e9cent du Times rapporte que les entreprises<\/a> qui ont \u00ab r\u00e9duit leurs effectifs apr\u00e8s Covid \u00bb ont maintenant du mal \u00e0 trouver les bons bureaux, car la demande d&#8217;espace d\u00e9passe l&#8217;offre. Au Royaume-Uni, plusieurs trackers <a href=\"https:\/\/www.knightfrank.co.uk\/research\/reports\/the-london-office-market-report-104\/contentassets\/the-london-office-market-report-q1-2025-12163.pdf\">sugg\u00e8rent que le taux d&#8217;inoccupation se stabilise<\/a> ou diminue dans les emplacements de choix, l&#8217;espace du centre de Londres sur le march\u00e9 chutant au d\u00e9but de 2025 et le taux d&#8217;inoccupation des nouvelles constructions \u00e9tant tr\u00e8s serr\u00e9.<\/p>\n<p><strong>Alors pourquoi tout cela se produit-il ? <\/strong><\/p>\n<p>Pourquoi certaines empreintes grandissent-elles alors que d&#8217;autres r\u00e9tr\u00e9cissent ? Il s&#8217;agit de savoir comment les organisations r\u00e9pondent \u00e0 quatre questions li\u00e9es : combien de personnes doivent \u00eatre pr\u00e9sentes en m\u00eame temps, quel travail elles viennent faire, quelle qualit\u00e9 d&#8217;espace elles ont besoin pour le faire et comment les objectifs de durabilit\u00e9 limitent ou permettent des choix. Nos propres recherches examinent cela un peu plus en d\u00e9tail. Nous avons identifi\u00e9 quatre facteurs cl\u00e9s :<\/p>\n<ol>\n<li><strong>1. Les employ\u00e9s associent toujours le bureau \u00e0 la productivit\u00e9 et \u00e0 la cr\u00e9ativit\u00e9<\/strong>, mais ils veulent des espaces personnels et calmes. Quarante-cinq pour cent disent qu&#8217;ils sont plus productifs au bureau qu&#8217;\u00e0 la maison, mais seulement deux tiers environ estiment que leur lieu de travail favorise vraiment le bien-\u00eatre, et moins d&#8217;un quart qualifient leur environnement d&#8217;extr\u00eamement r\u00e9ussi en termes de productivit\u00e9 ou de cr\u00e9ativit\u00e9. Lorsqu&#8217;on leur a demand\u00e9 ce qui les attirerait plus souvent, pr\u00e8s de la moiti\u00e9 ont choisi d&#8217;avoir acc\u00e8s \u00e0 des zones calmes et d&#8217;installer des bureaux avec un \u00e9quipement appropri\u00e9.<\/li>\n<li><strong>2. Les dirigeants des \u00e9tablissements disent qu&#8217;ils vont agir<\/strong>. Soixante-seize pour cent pr\u00e9voient de cr\u00e9er des environnements plus interactifs au cours des trois prochaines ann\u00e9es. Environ la moiti\u00e9 pr\u00e9voient de r\u00e9duire leurs effectifs, le plus souvent pour soutenir des conceptions ouvertes et hybrides et pour s&#8217;aligner sur les objectifs de durabilit\u00e9. Le redimensionnement et la refonte vont g\u00e9n\u00e9ralement de pair.<\/li>\n<li><strong>3. La durabilit\u00e9 <\/strong> fa\u00e7onne la taille ainsi que les sp\u00e9cifications. Pr\u00e8s de trois personnes interrog\u00e9es sur cinq dis-les qu&#8217;il s&#8217;agit d\u00e9j\u00e0 d&#8217;une priorit\u00e9 absolue, et presque toutes les organisations font \u00e9tat d&#8217;au moins une initiative verte. Pourtant, les employ\u00e9s d\u00e9finissent un bureau v\u00e9ritablement durable en termes plus structurels, comme les \u00e9nergies renouvelables et la r\u00e9duction r\u00e9elle des d\u00e9chets, et pas seulement des bacs de recyclage et quelques plantes. Cela pousse les propri\u00e9taires et les occupants vers des b\u00e2timents plus performants et loin des vieux stocks, ce qui peut signifier moins d&#8217;espace dans l&#8217;ensemble, mais de meilleure qualit\u00e9, avec une consommation d&#8217;\u00e9nergie par personne plus faible.<\/li>\n<li><strong>4. Un autre levier est la circularit\u00e9.<\/strong>. Notre enqu\u00eate r\u00e9v\u00e8le que la grande majorit\u00e9 des gestionnaires d&#8217;installations envisageraient des meubles remis \u00e0 neuf, et beaucoup ont d\u00e9j\u00e0 des strat\u00e9gies circulaires pour les \u00e9quipements de bureau. Cela est important pour les d\u00e9cisions d&#8217;\u00e9chelle, car cela rend la reconfiguration moins co\u00fbteuse et plus rapide. Si vous pouvez r\u00e9am\u00e9nager un sol avec des meubles renouvel\u00e9s et red\u00e9ployer les objets stock\u00e9s, vous pouvez tester de nouveaux ratios sans vous engager dans des constructions permanentes. .<\/li>\n<\/ol>\n<p><strong>Cela signifie-t-il que les grands QG appartiennent au pass\u00e9 ?<\/strong><\/p>\n<p>Aucune chance. Rien de tout cela ne signifie que l&#8217;\u00e8re du grand QG est r\u00e9volue. Si vous faites ce travail, vous vous retrouverez probablement avec moins d&#8217;espace qu&#8217;auparavant, mais il aura plus de valeur par pied carr\u00e9. Sur les march\u00e9s o\u00f9 les \u00e9quipes reviennent plus souvent, ou o\u00f9 le talent et l&#8217;image de marque d&#8217;un centre en plein essor sont solides, vous prendrez peut-\u00eatre plus d&#8217;espace, mais vous d\u00e9penserez une plus grande partie de ce budget pour la qualit\u00e9 et l&#8217;adaptabilit\u00e9 que pour la surface brute.<\/p>\n<p>C&#8217;est ce que signifie vraiment le redimensionnement. Plus grand ou plus petit n&#8217;est pas la bonne premi\u00e8re question. Le mieux est le bon.<\/p>\n<p><em>Vous voulez en savoir plus sur l&#8217;\u00e9volution des espaces de bureau ? T\u00e9l\u00e9chargez notre article de recherche : <\/em><a href=\"https:\/\/crownworkspace.com\/knowledge-base\/is-it-time-to-kill-the-open-office\/\"><em>\u00ab Est-il temps de tuer le bureau ouvert ? \u00bb<\/em><\/a><em> Aujourd\u2019hui. <\/em><\/p>\n","protected":false},"excerpt":{"rendered":"<p>La taille suit l&#8217;objectif. Si l&#8217;objectif est une collaboration plus claire, une meilleure performance \u00e9nerg\u00e9tique et une offre de talents plus forte, alors l&#8217;empreinte, grande ou petite, doit r\u00e9pondre \u00e0 ces exigences.<\/p>\n","protected":false},"author":51,"featured_media":4730,"comment_status":"closed","ping_status":"closed","sticky":false,"template":"","format":"standard","meta":{"_acf_changed":false,"footnotes":""},"categories":[1060,815],"tags":[],"class_list":["post-4729","post","type-post","status-publish","format-standard","has-post-thumbnail","hentry","category-blogs","category-opinions"],"acf":[],"contentshake_article_id":"","yoast_head":"<!-- This site is optimized with the Yoast SEO Premium plugin v27.2 (Yoast SEO v27.2) - https:\/\/yoast.com\/product\/yoast-seo-premium-wordpress\/ -->\n<title>Les bureaux sont-ils de plus en plus grands ou plus petits, et pourquoi ? | Les bureaux sont-ils de plus en plus grands ou plus petits, et pourquoi ?<\/title>\n<meta name=\"description\" content=\"Explorez la tendance de la redimensionnement des bureaux et apprenez comment le dimensionnement optimal peut am\u00e9liorer la collaboration et la performance \u00e9nerg\u00e9tique.\" \/>\n<meta name=\"robots\" content=\"index, follow, max-snippet:-1, max-image-preview:large, max-video-preview:-1\" \/>\n<link rel=\"canonical\" href=\"https:\/\/crownworkspace.com\/ch\/connaissance\/les-bureaux-sont-ils-de-plus-en-plus-grands-ou-plus-petits-et-pourquoi\/\" \/>\n<meta property=\"og:locale\" content=\"en_US\" \/>\n<meta property=\"og:type\" content=\"article\" \/>\n<meta property=\"og:title\" content=\"Les bureaux sont-ils de plus en plus grands ou plus petits, et pourquoi ?\" \/>\n<meta property=\"og:description\" content=\"Explorez la tendance de la redimensionnement des bureaux et apprenez comment le dimensionnement optimal peut am\u00e9liorer la collaboration et la performance \u00e9nerg\u00e9tique.\" \/>\n<meta property=\"og:url\" content=\"https:\/\/crownworkspace.com\/ch\/connaissance\/les-bureaux-sont-ils-de-plus-en-plus-grands-ou-plus-petits-et-pourquoi\/\" \/>\n<meta property=\"og:site_name\" content=\"Crown Workspace Switzerland\" \/>\n<meta property=\"article:published_time\" content=\"2025-09-18T11:27:08+00:00\" \/>\n<meta property=\"article:modified_time\" content=\"2025-10-20T07:40:17+00:00\" \/>\n<meta property=\"og:image\" content=\"https:\/\/crownworkspace.com\/ch\/wp-content\/uploads\/sites\/8\/2025\/09\/image-from-rawpixel-id-3283959-jpeg.jpg\" \/>\n\t<meta property=\"og:image:width\" content=\"1200\" \/>\n\t<meta property=\"og:image:height\" content=\"800\" \/>\n\t<meta property=\"og:image:type\" content=\"image\/jpeg\" \/>\n<meta name=\"author\" content=\"ckemble\" \/>\n<meta name=\"twitter:card\" content=\"summary_large_image\" \/>\n<meta name=\"twitter:label1\" content=\"Written by\" \/>\n\t<meta name=\"twitter:data1\" content=\"ckemble\" \/>\n\t<meta name=\"twitter:label2\" content=\"Est. reading time\" \/>\n\t<meta name=\"twitter:data2\" content=\"6 minutes\" \/>\n<script type=\"application\/ld+json\" class=\"yoast-schema-graph\">{\"@context\":\"https:\/\/schema.org\",\"@graph\":[{\"@type\":\"Article\",\"@id\":\"https:\/\/crownworkspace.com\/ch\/connaissance\/les-bureaux-sont-ils-de-plus-en-plus-grands-ou-plus-petits-et-pourquoi\/#article\",\"isPartOf\":{\"@id\":\"https:\/\/crownworkspace.com\/ch\/connaissance\/les-bureaux-sont-ils-de-plus-en-plus-grands-ou-plus-petits-et-pourquoi\/\"},\"author\":{\"name\":\"ckemble\",\"@id\":\"https:\/\/crownworkspace.com\/ch\/#\/schema\/person\/f7d95200c4b8bf7763432c5a3121d1a6\"},\"headline\":\"Les bureaux sont-ils de plus en plus grands ou plus petits, et pourquoi ?\",\"datePublished\":\"2025-09-18T11:27:08+00:00\",\"dateModified\":\"2025-10-20T07:40:17+00:00\",\"mainEntityOfPage\":{\"@id\":\"https:\/\/crownworkspace.com\/ch\/connaissance\/les-bureaux-sont-ils-de-plus-en-plus-grands-ou-plus-petits-et-pourquoi\/\"},\"wordCount\":1266,\"image\":{\"@id\":\"https:\/\/crownworkspace.com\/ch\/connaissance\/les-bureaux-sont-ils-de-plus-en-plus-grands-ou-plus-petits-et-pourquoi\/#primaryimage\"},\"thumbnailUrl\":\"https:\/\/crownworkspace.com\/ch\/wp-content\/uploads\/sites\/8\/2025\/09\/image-from-rawpixel-id-3283959-jpeg.jpg\",\"articleSection\":[\"Blogs\",\"Opinions\"],\"inLanguage\":\"en-CH\"},{\"@type\":\"WebPage\",\"@id\":\"https:\/\/crownworkspace.com\/ch\/connaissance\/les-bureaux-sont-ils-de-plus-en-plus-grands-ou-plus-petits-et-pourquoi\/\",\"url\":\"https:\/\/crownworkspace.com\/ch\/connaissance\/les-bureaux-sont-ils-de-plus-en-plus-grands-ou-plus-petits-et-pourquoi\/\",\"name\":\"Les bureaux sont-ils de plus en plus grands ou plus petits, et pourquoi ? | Les bureaux sont-ils de plus en plus grands ou plus petits, et pourquoi ?\",\"isPartOf\":{\"@id\":\"https:\/\/crownworkspace.com\/ch\/#website\"},\"primaryImageOfPage\":{\"@id\":\"https:\/\/crownworkspace.com\/ch\/connaissance\/les-bureaux-sont-ils-de-plus-en-plus-grands-ou-plus-petits-et-pourquoi\/#primaryimage\"},\"image\":{\"@id\":\"https:\/\/crownworkspace.com\/ch\/connaissance\/les-bureaux-sont-ils-de-plus-en-plus-grands-ou-plus-petits-et-pourquoi\/#primaryimage\"},\"thumbnailUrl\":\"https:\/\/crownworkspace.com\/ch\/wp-content\/uploads\/sites\/8\/2025\/09\/image-from-rawpixel-id-3283959-jpeg.jpg\",\"datePublished\":\"2025-09-18T11:27:08+00:00\",\"dateModified\":\"2025-10-20T07:40:17+00:00\",\"author\":{\"@id\":\"https:\/\/crownworkspace.com\/ch\/#\/schema\/person\/f7d95200c4b8bf7763432c5a3121d1a6\"},\"description\":\"Explorez la tendance de la redimensionnement des bureaux et apprenez comment le dimensionnement optimal peut am\u00e9liorer la collaboration et la performance \u00e9nerg\u00e9tique.\",\"breadcrumb\":{\"@id\":\"https:\/\/crownworkspace.com\/ch\/connaissance\/les-bureaux-sont-ils-de-plus-en-plus-grands-ou-plus-petits-et-pourquoi\/#breadcrumb\"},\"inLanguage\":\"en-CH\",\"potentialAction\":[{\"@type\":\"ReadAction\",\"target\":[\"https:\/\/crownworkspace.com\/ch\/connaissance\/les-bureaux-sont-ils-de-plus-en-plus-grands-ou-plus-petits-et-pourquoi\/\"]}]},{\"@type\":\"ImageObject\",\"inLanguage\":\"en-CH\",\"@id\":\"https:\/\/crownworkspace.com\/ch\/connaissance\/les-bureaux-sont-ils-de-plus-en-plus-grands-ou-plus-petits-et-pourquoi\/#primaryimage\",\"url\":\"https:\/\/crownworkspace.com\/ch\/wp-content\/uploads\/sites\/8\/2025\/09\/image-from-rawpixel-id-3283959-jpeg.jpg\",\"contentUrl\":\"https:\/\/crownworkspace.com\/ch\/wp-content\/uploads\/sites\/8\/2025\/09\/image-from-rawpixel-id-3283959-jpeg.jpg\",\"width\":1200,\"height\":800,\"caption\":\"An empty elegant boardroom with a long table and tall windows. Original public domain image from Wikimedia Commons\"},{\"@type\":\"BreadcrumbList\",\"@id\":\"https:\/\/crownworkspace.com\/ch\/connaissance\/les-bureaux-sont-ils-de-plus-en-plus-grands-ou-plus-petits-et-pourquoi\/#breadcrumb\",\"itemListElement\":[{\"@type\":\"ListItem\",\"position\":1,\"name\":\"Home\",\"item\":\"https:\/\/crownworkspace.com\/ch\/\"},{\"@type\":\"ListItem\",\"position\":2,\"name\":\"Les bureaux sont-ils de plus en plus grands ou plus petits, et pourquoi ?\"}]},{\"@type\":\"WebSite\",\"@id\":\"https:\/\/crownworkspace.com\/ch\/#website\",\"url\":\"https:\/\/crownworkspace.com\/ch\/\",\"name\":\"Crown Workspace Switzerland\",\"description\":\"Workplace Relocations\",\"potentialAction\":[{\"@type\":\"SearchAction\",\"target\":{\"@type\":\"EntryPoint\",\"urlTemplate\":\"https:\/\/crownworkspace.com\/ch\/?s={search_term_string}\"},\"query-input\":{\"@type\":\"PropertyValueSpecification\",\"valueRequired\":true,\"valueName\":\"search_term_string\"}}],\"inLanguage\":\"en-CH\"},{\"@type\":\"Person\",\"@id\":\"https:\/\/crownworkspace.com\/ch\/#\/schema\/person\/f7d95200c4b8bf7763432c5a3121d1a6\",\"name\":\"ckemble\",\"image\":{\"@type\":\"ImageObject\",\"inLanguage\":\"en-CH\",\"@id\":\"https:\/\/secure.gravatar.com\/avatar\/118adfc3b9019f795bfe11de17eef48d93af136e0d074ae8fa36f4dfd07b284a?s=96&d=mm&r=g\",\"url\":\"https:\/\/secure.gravatar.com\/avatar\/118adfc3b9019f795bfe11de17eef48d93af136e0d074ae8fa36f4dfd07b284a?s=96&d=mm&r=g\",\"contentUrl\":\"https:\/\/secure.gravatar.com\/avatar\/118adfc3b9019f795bfe11de17eef48d93af136e0d074ae8fa36f4dfd07b284a?s=96&d=mm&r=g\",\"caption\":\"ckemble\"},\"url\":\"https:\/\/crownworkspace.com\/ch\/knowledge-base\/author\/ckemble\/\"}]}<\/script>\n<!-- \/ Yoast SEO Premium plugin. -->","yoast_head_json":{"title":"Les bureaux sont-ils de plus en plus grands ou plus petits, et pourquoi ? | Les bureaux sont-ils de plus en plus grands ou plus petits, et pourquoi ?","description":"Explorez la tendance de la redimensionnement des bureaux et apprenez comment le dimensionnement optimal peut am\u00e9liorer la collaboration et la performance \u00e9nerg\u00e9tique.","robots":{"index":"index","follow":"follow","max-snippet":"max-snippet:-1","max-image-preview":"max-image-preview:large","max-video-preview":"max-video-preview:-1"},"canonical":"https:\/\/crownworkspace.com\/ch\/connaissance\/les-bureaux-sont-ils-de-plus-en-plus-grands-ou-plus-petits-et-pourquoi\/","og_locale":"en_US","og_type":"article","og_title":"Les bureaux sont-ils de plus en plus grands ou plus petits, et pourquoi ?","og_description":"Explorez la tendance de la redimensionnement des bureaux et apprenez comment le dimensionnement optimal peut am\u00e9liorer la collaboration et la performance \u00e9nerg\u00e9tique.","og_url":"https:\/\/crownworkspace.com\/ch\/connaissance\/les-bureaux-sont-ils-de-plus-en-plus-grands-ou-plus-petits-et-pourquoi\/","og_site_name":"Crown Workspace Switzerland","article_published_time":"2025-09-18T11:27:08+00:00","article_modified_time":"2025-10-20T07:40:17+00:00","og_image":[{"width":1200,"height":800,"url":"https:\/\/crownworkspace.com\/ch\/wp-content\/uploads\/sites\/8\/2025\/09\/image-from-rawpixel-id-3283959-jpeg.jpg","type":"image\/jpeg"}],"author":"ckemble","twitter_card":"summary_large_image","twitter_misc":{"Written by":"ckemble","Est. reading time":"6 minutes"},"schema":{"@context":"https:\/\/schema.org","@graph":[{"@type":"Article","@id":"https:\/\/crownworkspace.com\/ch\/connaissance\/les-bureaux-sont-ils-de-plus-en-plus-grands-ou-plus-petits-et-pourquoi\/#article","isPartOf":{"@id":"https:\/\/crownworkspace.com\/ch\/connaissance\/les-bureaux-sont-ils-de-plus-en-plus-grands-ou-plus-petits-et-pourquoi\/"},"author":{"name":"ckemble","@id":"https:\/\/crownworkspace.com\/ch\/#\/schema\/person\/f7d95200c4b8bf7763432c5a3121d1a6"},"headline":"Les bureaux sont-ils de plus en plus grands ou plus petits, et pourquoi ?","datePublished":"2025-09-18T11:27:08+00:00","dateModified":"2025-10-20T07:40:17+00:00","mainEntityOfPage":{"@id":"https:\/\/crownworkspace.com\/ch\/connaissance\/les-bureaux-sont-ils-de-plus-en-plus-grands-ou-plus-petits-et-pourquoi\/"},"wordCount":1266,"image":{"@id":"https:\/\/crownworkspace.com\/ch\/connaissance\/les-bureaux-sont-ils-de-plus-en-plus-grands-ou-plus-petits-et-pourquoi\/#primaryimage"},"thumbnailUrl":"https:\/\/crownworkspace.com\/ch\/wp-content\/uploads\/sites\/8\/2025\/09\/image-from-rawpixel-id-3283959-jpeg.jpg","articleSection":["Blogs","Opinions"],"inLanguage":"en-CH"},{"@type":"WebPage","@id":"https:\/\/crownworkspace.com\/ch\/connaissance\/les-bureaux-sont-ils-de-plus-en-plus-grands-ou-plus-petits-et-pourquoi\/","url":"https:\/\/crownworkspace.com\/ch\/connaissance\/les-bureaux-sont-ils-de-plus-en-plus-grands-ou-plus-petits-et-pourquoi\/","name":"Les bureaux sont-ils de plus en plus grands ou plus petits, et pourquoi ? | Les bureaux sont-ils de plus en plus grands ou plus petits, et pourquoi ?","isPartOf":{"@id":"https:\/\/crownworkspace.com\/ch\/#website"},"primaryImageOfPage":{"@id":"https:\/\/crownworkspace.com\/ch\/connaissance\/les-bureaux-sont-ils-de-plus-en-plus-grands-ou-plus-petits-et-pourquoi\/#primaryimage"},"image":{"@id":"https:\/\/crownworkspace.com\/ch\/connaissance\/les-bureaux-sont-ils-de-plus-en-plus-grands-ou-plus-petits-et-pourquoi\/#primaryimage"},"thumbnailUrl":"https:\/\/crownworkspace.com\/ch\/wp-content\/uploads\/sites\/8\/2025\/09\/image-from-rawpixel-id-3283959-jpeg.jpg","datePublished":"2025-09-18T11:27:08+00:00","dateModified":"2025-10-20T07:40:17+00:00","author":{"@id":"https:\/\/crownworkspace.com\/ch\/#\/schema\/person\/f7d95200c4b8bf7763432c5a3121d1a6"},"description":"Explorez la tendance de la redimensionnement des bureaux et apprenez comment le dimensionnement optimal peut am\u00e9liorer la collaboration et la performance \u00e9nerg\u00e9tique.","breadcrumb":{"@id":"https:\/\/crownworkspace.com\/ch\/connaissance\/les-bureaux-sont-ils-de-plus-en-plus-grands-ou-plus-petits-et-pourquoi\/#breadcrumb"},"inLanguage":"en-CH","potentialAction":[{"@type":"ReadAction","target":["https:\/\/crownworkspace.com\/ch\/connaissance\/les-bureaux-sont-ils-de-plus-en-plus-grands-ou-plus-petits-et-pourquoi\/"]}]},{"@type":"ImageObject","inLanguage":"en-CH","@id":"https:\/\/crownworkspace.com\/ch\/connaissance\/les-bureaux-sont-ils-de-plus-en-plus-grands-ou-plus-petits-et-pourquoi\/#primaryimage","url":"https:\/\/crownworkspace.com\/ch\/wp-content\/uploads\/sites\/8\/2025\/09\/image-from-rawpixel-id-3283959-jpeg.jpg","contentUrl":"https:\/\/crownworkspace.com\/ch\/wp-content\/uploads\/sites\/8\/2025\/09\/image-from-rawpixel-id-3283959-jpeg.jpg","width":1200,"height":800,"caption":"An empty elegant boardroom with a long table and tall windows. Original public domain image from Wikimedia Commons"},{"@type":"BreadcrumbList","@id":"https:\/\/crownworkspace.com\/ch\/connaissance\/les-bureaux-sont-ils-de-plus-en-plus-grands-ou-plus-petits-et-pourquoi\/#breadcrumb","itemListElement":[{"@type":"ListItem","position":1,"name":"Home","item":"https:\/\/crownworkspace.com\/ch\/"},{"@type":"ListItem","position":2,"name":"Les bureaux sont-ils de plus en plus grands ou plus petits, et pourquoi ?"}]},{"@type":"WebSite","@id":"https:\/\/crownworkspace.com\/ch\/#website","url":"https:\/\/crownworkspace.com\/ch\/","name":"Crown Workspace Switzerland","description":"Workplace Relocations","potentialAction":[{"@type":"SearchAction","target":{"@type":"EntryPoint","urlTemplate":"https:\/\/crownworkspace.com\/ch\/?s={search_term_string}"},"query-input":{"@type":"PropertyValueSpecification","valueRequired":true,"valueName":"search_term_string"}}],"inLanguage":"en-CH"},{"@type":"Person","@id":"https:\/\/crownworkspace.com\/ch\/#\/schema\/person\/f7d95200c4b8bf7763432c5a3121d1a6","name":"ckemble","image":{"@type":"ImageObject","inLanguage":"en-CH","@id":"https:\/\/secure.gravatar.com\/avatar\/118adfc3b9019f795bfe11de17eef48d93af136e0d074ae8fa36f4dfd07b284a?s=96&d=mm&r=g","url":"https:\/\/secure.gravatar.com\/avatar\/118adfc3b9019f795bfe11de17eef48d93af136e0d074ae8fa36f4dfd07b284a?s=96&d=mm&r=g","contentUrl":"https:\/\/secure.gravatar.com\/avatar\/118adfc3b9019f795bfe11de17eef48d93af136e0d074ae8fa36f4dfd07b284a?s=96&d=mm&r=g","caption":"ckemble"},"url":"https:\/\/crownworkspace.com\/ch\/knowledge-base\/author\/ckemble\/"}]}},"lang":"fr","translations":{"fr":4729},"pll_sync_post":[],"_links":{"self":[{"href":"https:\/\/crownworkspace.com\/ch\/wp-json\/wp\/v2\/posts\/4729","targetHints":{"allow":["GET"]}}],"collection":[{"href":"https:\/\/crownworkspace.com\/ch\/wp-json\/wp\/v2\/posts"}],"about":[{"href":"https:\/\/crownworkspace.com\/ch\/wp-json\/wp\/v2\/types\/post"}],"author":[{"embeddable":true,"href":"https:\/\/crownworkspace.com\/ch\/wp-json\/wp\/v2\/users\/51"}],"replies":[{"embeddable":true,"href":"https:\/\/crownworkspace.com\/ch\/wp-json\/wp\/v2\/comments?post=4729"}],"version-history":[{"count":0,"href":"https:\/\/crownworkspace.com\/ch\/wp-json\/wp\/v2\/posts\/4729\/revisions"}],"wp:featuredmedia":[{"embeddable":true,"href":"https:\/\/crownworkspace.com\/ch\/wp-json\/wp\/v2\/media\/4730"}],"wp:attachment":[{"href":"https:\/\/crownworkspace.com\/ch\/wp-json\/wp\/v2\/media?parent=4729"}],"wp:term":[{"taxonomy":"category","embeddable":true,"href":"https:\/\/crownworkspace.com\/ch\/wp-json\/wp\/v2\/categories?post=4729"},{"taxonomy":"post_tag","embeddable":true,"href":"https:\/\/crownworkspace.com\/ch\/wp-json\/wp\/v2\/tags?post=4729"}],"curies":[{"name":"wp","href":"https:\/\/api.w.org\/{rel}","templated":true}]}}